{"id":4351,"date":"2021-01-06T08:33:43","date_gmt":"2021-01-06T08:33:43","guid":{"rendered":"https:\/\/machidee.de\/?p=4351"},"modified":"2021-01-06T08:42:27","modified_gmt":"2021-01-06T08:42:27","slug":"sonderausstellung-zum-thema-und-wenn-der-wolf-kommt-im-naturschutzzentrum-karlsruhe","status":"publish","type":"post","link":"https:\/\/machidee.de\/en\/sonderausstellung-zum-thema-und-wenn-der-wolf-kommt-im-naturschutzzentrum-karlsruhe\/","title":{"rendered":"Sonderausstellung zum Thema &#8220;Und wenn der Wolf kommt&#8221; im Naturschutzzentrum Karlsruhe"},"content":{"rendered":"<p>Die Coronasituation zwingt uns alle verst\u00e4rkt zum Umdenken. Kreativit\u00e4t ist gefragt um sich den Herausforderungen zu stellen.<\/p>\n<p>Die Ausstellung &#8220;<strong>Und wenn der Wolf kommt<\/strong>?&#8221; ist seit November im Naturschutzzentrum aufgebaut, kann aber wegen der aktuellen Corona-Einschr\u00e4nkungen leider nicht vor Ort der \u00d6ffentlichkeit pr\u00e4sentiert werden. Das <a href=\"https:\/\/www.nazka.de\/\" target=\"_blank\" rel=\"noopener\">Naturschutzzentrum<\/a> hat sich dem Problem fehlender Besucher digital gen\u00e4hert.<\/p>\n<p>Herausgekommen ist eine digitale Ausstellung, die mit viel Liebe erstellt wurde und mit Bildmaterial, Quizfragen und vielen Informationen die Inhalte der Ausstellung vermittelt &#8211; Toll!<\/p>\n<p>Wer Interesse am Thema hat, kann sich die Ausstellung online hier anschauen:<\/p>\n<p><a href=\"https:\/\/www.nazka.de\/sonderausstellungen\" target=\"_blank\" rel=\"noopener\">https:\/\/www.nazka.de\/sonderausstellungen<\/a><\/p>\n<p>Erg\u00e4nzend zur Ausstellung hat das Naturschutzzentrum eine neue Sparte &#8220;Onlineangebote&#8221; auf seiner Homepage eingerichtet. Weitere Infos hierzu sind hier zu finden:<\/p>\n<p><a href=\"https:\/\/www.nazka.de\/digitale-angebote\">https:\/\/www.nazka.de\/digitale-angebote<\/a><\/p>\n<p>Zwei Outdoor-Angebote f\u00fcr Spazierg\u00e4nger im Raum Karlsruhe\/Rappenw\u00f6rt:<\/p>\n<ul>\n<li>&#8220;Naturf\u00fchrer Auenwald&#8221;<\/li>\n<\/ul>\n<p><em>O-Text Naturschutzzentrum: <\/em><\/p>\n<p><em>&#8220;Dieser wurde einst vom Umweltamt der Stadt Karlsruhe erstellt und f\u00fchrte mit Hilfe eines Flyers und Stationsmarkierungen im Gel\u00e4nde an interessante Orte auf Rappenw\u00f6rt. Mit Einverst\u00e4ndnis des Umweltamtes haben wir den immer noch aktuellen Naturf\u00fchrer wieder zum Leben erweckt und die Stationen vor Ort neu markiert sowie den Flyer neu aufgelegt. Dieser kann aus einem Spender an unserem Tor kostenlos entnommen werden und erfreut sich gro\u00dfer Nachfrage. Mit seiner Hilfe k\u00f6nnen Rappenw\u00f6rtbesucherInnen selbstst\u00e4ndig auf Entdeckungstour gehen.&#8221;<\/em><\/p>\n<ul>\n<li>Au\u00dferdem richten wir dieser Tage ein neues Outdoor-Quiz f\u00fcr Familien zum Thema &#8220;Tier im Winter&#8221; ein &#8211;<em> Auf einem Rundweg mit neun Stationen, der bei den Wildgehegen startet und am Naturschutzzentrum endet, erf\u00e4hrt man, wie typische Tierarten der Rheininsel Rappenw\u00f6rt den Winter verbringen (<br \/>\n<a href=\"https:\/\/machidee.de\/wp-content\/uploads\/2021\/01\/2020_Tiere-im-Winter-2-_aktuell.pdf\" target=\"_blank\" rel=\"noopener\">Download PDF der Stationen<\/a><br \/>\n<\/em><\/li>\n<\/ul>\n<p>Viel Spa\u00df<\/p>\n<p>rm<\/p>\n","protected":false},"excerpt":{"rendered":"<p>Die Coronasituation zwingt uns alle verst\u00e4rkt zum Umdenken. Kreativit\u00e4t ist gefragt um sich den Herausforderungen zu stellen. Die Ausstellung &#8220;Und wenn der Wolf kommt?&#8221; ist seit November im Naturschutzzentrum aufgebaut, kann aber wegen der aktuellen Corona-Einschr\u00e4nkungen leider nicht vor Ort der \u00d6ffentlichkeit pr\u00e4sentiert werden. Das Naturschutzzentrum hat sich dem Problem fehlender Besucher digital gen\u00e4hert. Herausgekommen  [&#8230;]<\/p>\n","protected":false},"author":5,"featured_media":4355,"comment_status":"closed","ping_status":"open","sticky":false,"template":"","format":"aside","meta":{"footnotes":""},"categories":[22],"tags":[307,304,306,305],"class_list":["post-4351","post","type-post","status-publish","format-aside","has-post-thumbnail","hentry","category-news","tag-ausstellung","tag-naturschutzzentrum-karlsruhe","tag-wenn-der-wolf-kommt","tag-wolf","post_format-post-format-aside"],"_links":{"self":[{"href":"https:\/\/machidee.de\/en\/wp-json\/wp\/v2\/posts\/4351","targetHints":{"allow":["GET"]}}],"collection":[{"href":"https:\/\/machidee.de\/en\/wp-json\/wp\/v2\/posts"}],"about":[{"href":"https:\/\/machidee.de\/en\/wp-json\/wp\/v2\/types\/post"}],"author":[{"embeddable":true,"href":"https:\/\/machidee.de\/en\/wp-json\/wp\/v2\/users\/5"}],"replies":[{"embeddable":true,"href":"https:\/\/machidee.de\/en\/wp-json\/wp\/v2\/comments?post=4351"}],"version-history":[{"count":0,"href":"https:\/\/machidee.de\/en\/wp-json\/wp\/v2\/posts\/4351\/revisions"}],"wp:featuredmedia":[{"embeddable":true,"href":"https:\/\/machidee.de\/en\/wp-json\/wp\/v2\/media\/4355"}],"wp:attachment":[{"href":"https:\/\/machidee.de\/en\/wp-json\/wp\/v2\/media?parent=4351"}],"wp:term":[{"taxonomy":"category","embeddable":true,"href":"https:\/\/machidee.de\/en\/wp-json\/wp\/v2\/categories?post=4351"},{"taxonomy":"post_tag","embeddable":true,"href":"https:\/\/machidee.de\/en\/wp-json\/wp\/v2\/tags?post=4351"}],"curies":[{"name":"wp","href":"https:\/\/api.w.org\/{rel}","templated":true}]}}